{"id":18609,"date":"2026-09-02T00:59:22","date_gmt":"2026-09-02T00:59:22","guid":{"rendered":"https:\/\/skvappareluniform.com\/?p=18609"},"modified":"2026-09-02T00:59:52","modified_gmt":"2026-09-02T00:59:52","slug":"as-festas-do-mar-de-cascais-2026-o-melhor-do-verao","status":"publish","type":"post","link":"https:\/\/skvappareluniform.com\/index.php\/2026\/09\/02\/as-festas-do-mar-de-cascais-2026-o-melhor-do-verao\/","title":{"rendered":"As Festas do Mar de Cascais 2026 o Melhor do Ver\u00e3o"},"content":{"rendered":"<h1>As Festas do Mar de Cascais 2026 o Melhor do Ver\u00e3o<\/h1>\n<p>Ano ap\u00f3s ano, a ba\u00eda de Cascais transforma-se numa festa com as Festas do Mar. Este certame alia tradi\u00e7\u00e3o mar\u00edtima e grandes concertos, tudo com entrada gratuita. Neste guia apresentamos os detalhes para aproveitar ao m\u00e1ximo.<\/p>\n<p>Com o Atl\u00e2ntico como cen\u00e1rio, estas celebra\u00e7\u00f5es radicam no respeito pelos pescadores. Ao longo de duas semanas, o programa equilibra concertos gratuitos, prociss\u00e3o e fogo de artif\u00edcio.<\/p>\n<p>Com origem nas romarias do mar, as Festas do Mar evolu\u00edram a ponto de constitu\u00edrem uma refer\u00eancia nacional. Sem exce\u00e7\u00e3o, re\u00fanem milhares de visitantes.<\/p>\n<h2>Onde Assistir de Forma C\u00f3moda<\/h2>\n<p>Saber onde assistir \u00e9 essencial. Os espet\u00e1culos acontecem na ba\u00eda de Cascais, com o Atl\u00e2ntico como pano de fundo. Escolher bem o lugar assegura conforto.<\/p>\n<p>Uma das vantagens das Festas do Mar \u00e9 a paisagem: a Cidadela ali perto ficam na mem\u00f3ria. At\u00e9 quem vai s\u00f3 pelo ambiente n\u00e3o se arrepende.<\/p>\n<p>Para quem prefere ir de carro, conv\u00e9m saber que o tr\u00e2nsito \u00e9 intenso nos dias de maior enchente. Prever tempo extra revela-se a atitude mais sensata.<\/p>\n<p>Qualquer que seja a op\u00e7\u00e3o, o importante ser\u00e1 curtir o espet\u00e1culo em pleno. Chegar preparado faz toda a diferen\u00e7a.<\/p>\n<p>Quanto aos transportes, a via mais pr\u00e1tica passa por o comboio a partir de Lisboa. Aos que v\u00eam de longe, deixar o autom\u00f3vel em casa \u00e9 a decis\u00e3o mais acertada.<\/p>\n<p>O trajeto de Lisboa \u00e9 direto. \u00c9 s\u00f3 isto:<\/p>\n<ol>\n<li>Entrar na linha de Cascais com destino a Cascais.<\/li>\n<li>Descer no fim da linha, a esta\u00e7\u00e3o terminal.<\/li>\n<li>Seguir a p\u00e9 em dire\u00e7\u00e3o \u00e0 ba\u00eda, logo ali.<\/li>\n<li>Dirigir-se ao recinto e aproveitar a noite.<\/li>\n<\/ol>\n<h2>O Cartaz Confirmado Palco a Palco<\/h2>\n<p>A programa\u00e7\u00e3o musical costuma ser o cora\u00e7\u00e3o da festa de Cascais. A cada edi\u00e7\u00e3o, atuam grandes figuras e novos talentos.<\/p>\n<p>Entre os nomes que habitualmente marcam presen\u00e7a, contam-se int\u00e9rpretes de diferentes estilos. Note-se, por\u00e9m que a lista final pode sofrer altera\u00e7\u00f5es nas fontes oficiais.<\/p>\n<p>A mistura de g\u00e9neros constitui um tra\u00e7o distintivo da festa. Dos ritmos populares \u00e0s bandas atuais, o alinhamento \u00e9 abrangente. Este equil\u00edbrio ajuda a explicar as enchentes todos os anos.<\/p>\n<p>Poder ver estas atua\u00e7\u00f5es sem pagar bilhete constitui uma oportunidade a n\u00e3o perder, ainda mais face aos pre\u00e7os dos concertos.<\/p>\n<p>Nas v\u00e1rias edi\u00e7\u00f5es, o cartaz acolheu artistas de renome do panorama nacional e internacional. Cada ano renova o alinhamento, conservando a curiosidade.<\/p>\n<h2>As Datas Confirmadas de Cascais 2026<\/h2>\n<p>Ano ap\u00f3s ano, o evento acontecem no final de agosto, prolongando-se por duas semanas. Esta \u00e9 o ponto alto do final do ver\u00e3o na regi\u00e3o de Cascais.<\/p>\n<p>Para marcar na agenda, \u00e9 aconselh\u00e1vel verificar o calend\u00e1rio oficial com anteced\u00eancia. Por norma, os dias de maior enchente atraem mais gente.<\/p>\n<p>Um ponto a favor \u00e9 que, nesta altura do ano, as Festas do Mar convidam a prolongar as f\u00e9rias. Para quem vem de longe, torna-se a desculpa ideal para umas mini-f\u00e9rias.<\/p>\n<p>Desde h\u00e1 muito, o evento abrangem os \u00faltimos dias de agosto. Quem quiser ter a certeza, o conselho passa por consultar a organiza\u00e7\u00e3o, com toda a informa\u00e7\u00e3o atualizada.<\/p>\n<p>Guardar as noites livres ajuda a n\u00e3o deixar nada ao acaso. Como se sabe, os dias de cabe\u00e7a de cartaz justificam chegar cedo.<\/p>\n<h2>O Programa dia a dia de Cascais 2026<\/h2>\n<p>Para l\u00e1 da m\u00fasica, a programa\u00e7\u00e3o destas celebra\u00e7\u00f5es reserva atividades variadas. Dos momentos solenes ao encerramento com fogo, o programa \u00e9 intenso.<\/p>\n<p>Para aproveitar ao m\u00e1ximo a noite, vale a pena preparar:<\/p>\n<ul>\n<li>Levar agasalho, porque junto ao mar arrefece.<\/li>\n<li>Usar cal\u00e7ado pr\u00e1tico, j\u00e1 que se fica muito tempo de p\u00e9.<\/li>\n<li>N\u00e3o deixar para a \u00faltima hora, para apanhar bom lugar.<\/li>\n<li>Provar a comida local, entre a Cidadela e o jardim.<\/li>\n<\/ul>\n<p>O espa\u00e7o de restaura\u00e7\u00e3o representa um dos pontos de encontro das Festas do Mar. Ao longo da marginal, encontram-se sabores variados, de pratos t\u00edpicos a novidades.<\/p>\n<p>Descobrir o com\u00e9rcio local completa a noite, para os que apreciam uma recorda\u00e7\u00e3o desta festa.<\/p>\n<p>Para os mi\u00fados, a anima\u00e7\u00e3o para os pequenos contempla divers\u00e3o garantida. Consulte o <a href=\"https:\/\/znaki.fm\/pt\/events\/festas-do-mar\/\">veja o cartaz oficial confirmado pela C\u00e2mara Municipal de Cascais para as Festas do Mar<\/a> para aproveitar melhor.<\/p>\n<p>As cerim\u00f3nias conferem ao evento profundidade. A b\u00ean\u00e7\u00e3o do mar lembra a liga\u00e7\u00e3o de Cascais ao Atl\u00e2ntico, lado a lado com a festa e a m\u00fasica.<\/p>\n<h3>Palcos e Espa\u00e7os<\/h3>\n<p>As Festas do Mar distribui-se em mais do que um recinto. O palco de maior dimens\u00e3o acolhe os cabe\u00e7as de cartaz, e palcos secund\u00e1rios d\u00e3o espa\u00e7o a nomes em ascens\u00e3o.<\/p>\n<p>Esta organiza\u00e7\u00e3o faz com que ver v\u00e1rios concertos numa s\u00f3 noite. Para os festivaleiros, significa mais escolha, podendo saltar de um palco para outro.<\/p>\n<h2>Para Terminar sobre este Evento<\/h2>\n<p>Esta celebra\u00e7\u00e3o representam uma festa para toda a fam\u00edlia. Com entrada gratuita, noites inesquec\u00edveis encontram-se num dos cen\u00e1rios mais bonitos do pa\u00eds. Pela tradi\u00e7\u00e3o ou pela festa, n\u00e3o deve ser perdido. Prepare-se ent\u00e3o para dizer adeus a agosto com m\u00fasica.<\/p>\n<p>Se ainda n\u00e3o conhece, fica a sugest\u00e3o de experimentar pelo menos uma vez. Raramente algu\u00e9m ficar\u00e1 desiludido, dada a variedade da oferta.<\/p>\n<p>Acima de tudo, as Festas do Mar traduzem um encerramento de esta\u00e7\u00e3o em grande. Concertos, gastronomia e ambiente \u00e0 beira do Atl\u00e2ntico, sem custar um c\u00eantimo.<\/p>\n<!--themify_builder_content-->\n<div id=\"themify_builder_content-18609\" data-postid=\"18609\" class=\"themify_builder_content themify_builder_content-18609 themify_builder tf_clear\">\n    <\/div>\n<!--\/themify_builder_content-->\n","protected":false},"excerpt":{"rendered":"<p>As Festas do Mar de Cascais 2026 o Melhor do Ver\u00e3o Ano ap\u00f3s ano, a ba\u00eda de Cascais transforma-se numa festa com as Festas do Mar. Este certame alia tradi\u00e7\u00e3o mar\u00edtima e grandes concertos, tudo com entrada gratuita. Neste guia apresentamos os detalhes para aproveitar ao m\u00e1ximo. Com o Atl\u00e2ntico como cen\u00e1rio, estas celebra\u00e7\u00f5es radicam [&hellip;]<\/p>\n","protected":false},"author":2,"featured_media":0,"comment_status":"open","ping_status":"open","sticky":false,"template":"","format":"standard","meta":[],"categories":[1],"tags":[],"yoast_head":"<!-- This site is optimized with the Yoast SEO plugin v20.3 - https:\/\/yoast.com\/wordpress\/plugins\/seo\/ -->\n<title>As Festas do Mar de Cascais 2026 o Melhor do Ver\u00e3o - SKV Apparel Uniform<\/title>\n<meta name=\"robots\" content=\"index, follow, max-snippet:-1, max-image-preview:large, max-video-preview:-1\" \/>\n<link rel=\"canonical\" href=\"https:\/\/skvappareluniform.com\/index.php\/2026\/09\/02\/as-festas-do-mar-de-cascais-2026-o-melhor-do-verao\/\" \/>\n<meta property=\"og:locale\" content=\"en_US\" \/>\n<meta property=\"og:type\" content=\"article\" \/>\n<meta property=\"og:title\" content=\"As Festas do Mar de Cascais 2026 o Melhor do Ver\u00e3o - SKV Apparel Uniform\" \/>\n<meta property=\"og:description\" content=\"As Festas do Mar de Cascais 2026 o Melhor do Ver\u00e3o Ano ap\u00f3s ano, a ba\u00eda de Cascais transforma-se numa festa com as Festas do Mar. Este certame alia tradi\u00e7\u00e3o mar\u00edtima e grandes concertos, tudo com entrada gratuita. Neste guia apresentamos os detalhes para aproveitar ao m\u00e1ximo. Com o Atl\u00e2ntico como cen\u00e1rio, estas celebra\u00e7\u00f5es radicam [&hellip;]\" \/>\n<meta property=\"og:url\" content=\"https:\/\/skvappareluniform.com\/index.php\/2026\/09\/02\/as-festas-do-mar-de-cascais-2026-o-melhor-do-verao\/\" \/>\n<meta property=\"og:site_name\" content=\"SKV Apparel Uniform\" \/>\n<meta property=\"article:published_time\" content=\"2026-09-02T00:59:22+00:00\" \/>\n<meta property=\"article:modified_time\" content=\"2026-09-02T00:59:52+00:00\" \/>\n<meta name=\"author\" content=\"Nitawati\" \/>\n<meta name=\"twitter:card\" content=\"summary_large_image\" \/>\n<meta name=\"twitter:label1\" content=\"Written by\" \/>\n\t<meta name=\"twitter:data1\" content=\"Nitawati\" \/>\n\t<meta name=\"twitter:label2\" content=\"Est. reading time\" \/>\n\t<meta name=\"twitter:data2\" content=\"5 minutes\" \/>\n<script type=\"application\/ld+json\" class=\"yoast-schema-graph\">{\"@context\":\"https:\/\/schema.org\",\"@graph\":[{\"@type\":\"Article\",\"@id\":\"https:\/\/skvappareluniform.com\/index.php\/2026\/09\/02\/as-festas-do-mar-de-cascais-2026-o-melhor-do-verao\/#article\",\"isPartOf\":{\"@id\":\"https:\/\/skvappareluniform.com\/index.php\/2026\/09\/02\/as-festas-do-mar-de-cascais-2026-o-melhor-do-verao\/\"},\"author\":{\"name\":\"Nitawati\",\"@id\":\"https:\/\/skvappareluniform.com\/#\/schema\/person\/51b16353fb815cce820b03e7259f6856\"},\"headline\":\"As Festas do Mar de Cascais 2026 o Melhor do Ver\u00e3o\",\"datePublished\":\"2026-09-02T00:59:22+00:00\",\"dateModified\":\"2026-09-02T00:59:52+00:00\",\"mainEntityOfPage\":{\"@id\":\"https:\/\/skvappareluniform.com\/index.php\/2026\/09\/02\/as-festas-do-mar-de-cascais-2026-o-melhor-do-verao\/\"},\"wordCount\":958,\"commentCount\":0,\"publisher\":{\"@id\":\"https:\/\/skvappareluniform.com\/#organization\"},\"inLanguage\":\"en-US\",\"potentialAction\":[{\"@type\":\"CommentAction\",\"name\":\"Comment\",\"target\":[\"https:\/\/skvappareluniform.com\/index.php\/2026\/09\/02\/as-festas-do-mar-de-cascais-2026-o-melhor-do-verao\/#respond\"]}]},{\"@type\":\"WebPage\",\"@id\":\"https:\/\/skvappareluniform.com\/index.php\/2026\/09\/02\/as-festas-do-mar-de-cascais-2026-o-melhor-do-verao\/\",\"url\":\"https:\/\/skvappareluniform.com\/index.php\/2026\/09\/02\/as-festas-do-mar-de-cascais-2026-o-melhor-do-verao\/\",\"name\":\"As Festas do Mar de Cascais 2026 o Melhor do Ver\u00e3o - SKV Apparel Uniform\",\"isPartOf\":{\"@id\":\"https:\/\/skvappareluniform.com\/#website\"},\"datePublished\":\"2026-09-02T00:59:22+00:00\",\"dateModified\":\"2026-09-02T00:59:52+00:00\",\"breadcrumb\":{\"@id\":\"https:\/\/skvappareluniform.com\/index.php\/2026\/09\/02\/as-festas-do-mar-de-cascais-2026-o-melhor-do-verao\/#breadcrumb\"},\"inLanguage\":\"en-US\",\"potentialAction\":[{\"@type\":\"ReadAction\",\"target\":[\"https:\/\/skvappareluniform.com\/index.php\/2026\/09\/02\/as-festas-do-mar-de-cascais-2026-o-melhor-do-verao\/\"]}]},{\"@type\":\"BreadcrumbList\",\"@id\":\"https:\/\/skvappareluniform.com\/index.php\/2026\/09\/02\/as-festas-do-mar-de-cascais-2026-o-melhor-do-verao\/#breadcrumb\",\"itemListElement\":[{\"@type\":\"ListItem\",\"position\":1,\"name\":\"Home\",\"item\":\"https:\/\/skvappareluniform.com\/\"},{\"@type\":\"ListItem\",\"position\":2,\"name\":\"As Festas do Mar de Cascais 2026 o Melhor do Ver\u00e3o\"}]},{\"@type\":\"WebSite\",\"@id\":\"https:\/\/skvappareluniform.com\/#website\",\"url\":\"https:\/\/skvappareluniform.com\/\",\"name\":\"SKV Apparel Uniform\",\"description\":\"\",\"publisher\":{\"@id\":\"https:\/\/skvappareluniform.com\/#organization\"},\"potentialAction\":[{\"@type\":\"SearchAction\",\"target\":{\"@type\":\"EntryPoint\",\"urlTemplate\":\"https:\/\/skvappareluniform.com\/?s={search_term_string}\"},\"query-input\":\"required name=search_term_string\"}],\"inLanguage\":\"en-US\"},{\"@type\":\"Organization\",\"@id\":\"https:\/\/skvappareluniform.com\/#organization\",\"name\":\"SKV Apparel Uniform\",\"url\":\"https:\/\/skvappareluniform.com\/\",\"logo\":{\"@type\":\"ImageObject\",\"inLanguage\":\"en-US\",\"@id\":\"https:\/\/skvappareluniform.com\/#\/schema\/logo\/image\/\",\"url\":\"https:\/\/skvappareluniform.com\/wp-content\/uploads\/2023\/01\/SKV.png\",\"contentUrl\":\"https:\/\/skvappareluniform.com\/wp-content\/uploads\/2023\/01\/SKV.png\",\"width\":1004,\"height\":591,\"caption\":\"SKV Apparel Uniform\"},\"image\":{\"@id\":\"https:\/\/skvappareluniform.com\/#\/schema\/logo\/image\/\"}},{\"@type\":\"Person\",\"@id\":\"https:\/\/skvappareluniform.com\/#\/schema\/person\/51b16353fb815cce820b03e7259f6856\",\"name\":\"Nitawati\",\"image\":{\"@type\":\"ImageObject\",\"inLanguage\":\"en-US\",\"@id\":\"https:\/\/skvappareluniform.com\/#\/schema\/person\/image\/\",\"url\":\"https:\/\/secure.gravatar.com\/avatar\/d0b6ca7fffb93e109d206ff6a4905ef3?s=96&d=mm&r=g\",\"contentUrl\":\"https:\/\/secure.gravatar.com\/avatar\/d0b6ca7fffb93e109d206ff6a4905ef3?s=96&d=mm&r=g\",\"caption\":\"Nitawati\"},\"url\":\"https:\/\/skvappareluniform.com\/index.php\/author\/nitawati-skv\/\"}]}<\/script>\n<!-- \/ Yoast SEO plugin. -->","yoast_head_json":{"title":"As Festas do Mar de Cascais 2026 o Melhor do Ver\u00e3o - SKV Apparel Uniform","robots":{"index":"index","follow":"follow","max-snippet":"max-snippet:-1","max-image-preview":"max-image-preview:large","max-video-preview":"max-video-preview:-1"},"canonical":"https:\/\/skvappareluniform.com\/index.php\/2026\/09\/02\/as-festas-do-mar-de-cascais-2026-o-melhor-do-verao\/","og_locale":"en_US","og_type":"article","og_title":"As Festas do Mar de Cascais 2026 o Melhor do Ver\u00e3o - SKV Apparel Uniform","og_description":"As Festas do Mar de Cascais 2026 o Melhor do Ver\u00e3o Ano ap\u00f3s ano, a ba\u00eda de Cascais transforma-se numa festa com as Festas do Mar. Este certame alia tradi\u00e7\u00e3o mar\u00edtima e grandes concertos, tudo com entrada gratuita. Neste guia apresentamos os detalhes para aproveitar ao m\u00e1ximo. Com o Atl\u00e2ntico como cen\u00e1rio, estas celebra\u00e7\u00f5es radicam [&hellip;]","og_url":"https:\/\/skvappareluniform.com\/index.php\/2026\/09\/02\/as-festas-do-mar-de-cascais-2026-o-melhor-do-verao\/","og_site_name":"SKV Apparel Uniform","article_published_time":"2026-09-02T00:59:22+00:00","article_modified_time":"2026-09-02T00:59:52+00:00","author":"Nitawati","twitter_card":"summary_large_image","twitter_misc":{"Written by":"Nitawati","Est. reading time":"5 minutes"},"schema":{"@context":"https:\/\/schema.org","@graph":[{"@type":"Article","@id":"https:\/\/skvappareluniform.com\/index.php\/2026\/09\/02\/as-festas-do-mar-de-cascais-2026-o-melhor-do-verao\/#article","isPartOf":{"@id":"https:\/\/skvappareluniform.com\/index.php\/2026\/09\/02\/as-festas-do-mar-de-cascais-2026-o-melhor-do-verao\/"},"author":{"name":"Nitawati","@id":"https:\/\/skvappareluniform.com\/#\/schema\/person\/51b16353fb815cce820b03e7259f6856"},"headline":"As Festas do Mar de Cascais 2026 o Melhor do Ver\u00e3o","datePublished":"2026-09-02T00:59:22+00:00","dateModified":"2026-09-02T00:59:52+00:00","mainEntityOfPage":{"@id":"https:\/\/skvappareluniform.com\/index.php\/2026\/09\/02\/as-festas-do-mar-de-cascais-2026-o-melhor-do-verao\/"},"wordCount":958,"commentCount":0,"publisher":{"@id":"https:\/\/skvappareluniform.com\/#organization"},"inLanguage":"en-US","potentialAction":[{"@type":"CommentAction","name":"Comment","target":["https:\/\/skvappareluniform.com\/index.php\/2026\/09\/02\/as-festas-do-mar-de-cascais-2026-o-melhor-do-verao\/#respond"]}]},{"@type":"WebPage","@id":"https:\/\/skvappareluniform.com\/index.php\/2026\/09\/02\/as-festas-do-mar-de-cascais-2026-o-melhor-do-verao\/","url":"https:\/\/skvappareluniform.com\/index.php\/2026\/09\/02\/as-festas-do-mar-de-cascais-2026-o-melhor-do-verao\/","name":"As Festas do Mar de Cascais 2026 o Melhor do Ver\u00e3o - SKV Apparel Uniform","isPartOf":{"@id":"https:\/\/skvappareluniform.com\/#website"},"datePublished":"2026-09-02T00:59:22+00:00","dateModified":"2026-09-02T00:59:52+00:00","breadcrumb":{"@id":"https:\/\/skvappareluniform.com\/index.php\/2026\/09\/02\/as-festas-do-mar-de-cascais-2026-o-melhor-do-verao\/#breadcrumb"},"inLanguage":"en-US","potentialAction":[{"@type":"ReadAction","target":["https:\/\/skvappareluniform.com\/index.php\/2026\/09\/02\/as-festas-do-mar-de-cascais-2026-o-melhor-do-verao\/"]}]},{"@type":"BreadcrumbList","@id":"https:\/\/skvappareluniform.com\/index.php\/2026\/09\/02\/as-festas-do-mar-de-cascais-2026-o-melhor-do-verao\/#breadcrumb","itemListElement":[{"@type":"ListItem","position":1,"name":"Home","item":"https:\/\/skvappareluniform.com\/"},{"@type":"ListItem","position":2,"name":"As Festas do Mar de Cascais 2026 o Melhor do Ver\u00e3o"}]},{"@type":"WebSite","@id":"https:\/\/skvappareluniform.com\/#website","url":"https:\/\/skvappareluniform.com\/","name":"SKV Apparel Uniform","description":"","publisher":{"@id":"https:\/\/skvappareluniform.com\/#organization"},"potentialAction":[{"@type":"SearchAction","target":{"@type":"EntryPoint","urlTemplate":"https:\/\/skvappareluniform.com\/?s={search_term_string}"},"query-input":"required name=search_term_string"}],"inLanguage":"en-US"},{"@type":"Organization","@id":"https:\/\/skvappareluniform.com\/#organization","name":"SKV Apparel Uniform","url":"https:\/\/skvappareluniform.com\/","logo":{"@type":"ImageObject","inLanguage":"en-US","@id":"https:\/\/skvappareluniform.com\/#\/schema\/logo\/image\/","url":"https:\/\/skvappareluniform.com\/wp-content\/uploads\/2023\/01\/SKV.png","contentUrl":"https:\/\/skvappareluniform.com\/wp-content\/uploads\/2023\/01\/SKV.png","width":1004,"height":591,"caption":"SKV Apparel Uniform"},"image":{"@id":"https:\/\/skvappareluniform.com\/#\/schema\/logo\/image\/"}},{"@type":"Person","@id":"https:\/\/skvappareluniform.com\/#\/schema\/person\/51b16353fb815cce820b03e7259f6856","name":"Nitawati","image":{"@type":"ImageObject","inLanguage":"en-US","@id":"https:\/\/skvappareluniform.com\/#\/schema\/person\/image\/","url":"https:\/\/secure.gravatar.com\/avatar\/d0b6ca7fffb93e109d206ff6a4905ef3?s=96&d=mm&r=g","contentUrl":"https:\/\/secure.gravatar.com\/avatar\/d0b6ca7fffb93e109d206ff6a4905ef3?s=96&d=mm&r=g","caption":"Nitawati"},"url":"https:\/\/skvappareluniform.com\/index.php\/author\/nitawati-skv\/"}]}},"jetpack_featured_media_url":"","builder_content":"","_links":{"self":[{"href":"https:\/\/skvappareluniform.com\/index.php\/wp-json\/wp\/v2\/posts\/18609"}],"collection":[{"href":"https:\/\/skvappareluniform.com\/index.php\/wp-json\/wp\/v2\/posts"}],"about":[{"href":"https:\/\/skvappareluniform.com\/index.php\/wp-json\/wp\/v2\/types\/post"}],"author":[{"embeddable":true,"href":"https:\/\/skvappareluniform.com\/index.php\/wp-json\/wp\/v2\/users\/2"}],"replies":[{"embeddable":true,"href":"https:\/\/skvappareluniform.com\/index.php\/wp-json\/wp\/v2\/comments?post=18609"}],"version-history":[{"count":1,"href":"https:\/\/skvappareluniform.com\/index.php\/wp-json\/wp\/v2\/posts\/18609\/revisions"}],"predecessor-version":[{"id":18610,"href":"https:\/\/skvappareluniform.com\/index.php\/wp-json\/wp\/v2\/posts\/18609\/revisions\/18610"}],"wp:attachment":[{"href":"https:\/\/skvappareluniform.com\/index.php\/wp-json\/wp\/v2\/media?parent=18609"}],"wp:term":[{"taxonomy":"category","embeddable":true,"href":"https:\/\/skvappareluniform.com\/index.php\/wp-json\/wp\/v2\/categories?post=18609"},{"taxonomy":"post_tag","embeddable":true,"href":"https:\/\/skvappareluniform.com\/index.php\/wp-json\/wp\/v2\/tags?post=18609"}],"curies":[{"name":"wp","href":"https:\/\/api.w.org\/{rel}","templated":true}]}}