{"id":22490,"date":"2026-09-03T00:11:23","date_gmt":"2026-09-03T00:11:23","guid":{"rendered":"https:\/\/skvappareluniform.com\/?p=22490"},"modified":"2026-09-03T00:13:50","modified_gmt":"2026-09-03T00:13:50","slug":"o-cantor-nininho-vaz-maia-vida-musica-e-noticias","status":"publish","type":"post","link":"https:\/\/skvappareluniform.com\/index.php\/2026\/09\/03\/o-cantor-nininho-vaz-maia-vida-musica-e-noticias\/","title":{"rendered":"O Cantor Nininho Vaz Maia Vida, M\u00fasica e Not\u00edcias"},"content":{"rendered":"<h1>O Cantor Nininho Vaz Maia Vida, M\u00fasica e Not\u00edcias<\/h1>\n<p>O cantor Nininho Vaz Maia \u00e9 um dos nomes mais populares da m\u00fasica portuguesa. Com uma voz inconfund\u00edvel, arrebatou um p\u00fablico vast\u00edssimo. Ao longo deste texto damos a conhecer o que importa saber da sua hist\u00f3ria.<\/p>\n<p>Note-se que, boa parte do que se l\u00ea sobre os temas mais sens\u00edveis merece cautela, sobretudo no que respeita a processos em curso, onde conv\u00e9m n\u00e3o precipitar ju\u00edzos.<\/p>\n<h2>Os Concertos e Espet\u00e1culos<\/h2>\n<p>As atua\u00e7\u00f5es ao vivo do cantor constituem festas memor\u00e1veis. Das grandes salas, de norte a sul, re\u00fane multid\u00f5es. O ambiente das atua\u00e7\u00f5es tornou-se uma das suas marcas.<\/p>\n<p>Das atua\u00e7\u00f5es mais recordadas contam-se:<\/p>\n<ul>\n<li>As grandes salas da cidade, em noites memor\u00e1veis.<\/li>\n<li>As festas populares e arraiais, sempre concorridos.<\/li>\n<li>As festas universit\u00e1rias, junto do p\u00fablico mais jovem.<\/li>\n<li>Os pavilh\u00f5es, em noites especiais.<\/li>\n<\/ul>\n<p>O sucesso de bilheteira atesta a for\u00e7a do seu nome. Poucos artistas portugueses conseguem semelhante ades\u00e3o.<\/p>\n<h2>Que Idade Tem de Nininho Vaz Maia<\/h2>\n<p>Nininho Vaz Maia veio ao mundo num ambiente humilde, e aproxima-se dos os seus anos de plena maturidade art\u00edstica. Desde a inf\u00e2ncia demonstrou uma voca\u00e7\u00e3o musical para o canto.<\/p>\n<p>A energia dos seus anos permitiu-lhe construir uma carreira s\u00f3lida. De facto, a frescura da sua abordagem atraiu um leque alargado de f\u00e3s.<\/p>\n<p>As origens molda as suas can\u00e7\u00f5es. Essa autenticidade constitui algo que o p\u00fablico reconhece.<\/p>\n<h2>Mulher na Carreira do Artista<\/h2>\n<p>No que toca da companheira do artista, o recato continua a ser uma constante. Referiu-se que os la\u00e7os pr\u00f3ximos assume um papel importante no seu equil\u00edbrio.<\/p>\n<p>Compreensivelmente, o cantor faz quest\u00e3o de dividir a carreira da intimidade. Essa reserva tem sido bem vis\u00edvel.<\/p>\n<h2>A Vida Agora e os Pr\u00f3ximos Passos<\/h2>\n<p>Neste momento, o artista continua em atividade. Ap\u00f3s o forte impacto dos seus temas mais recentes, trabalha em mais concertos. O que faz agora continua a despertar expectativa.<\/p>\n<p>Para melhor perceber o percurso, os momentos-chave da sua carreira foram os seguintes:<\/p>\n<ol>\n<li>O in\u00edcio da carreira, ainda jovem.<\/li>\n<li>O reconhecimento do p\u00fablico, com identidade forte.<\/li>\n<li>Os primeiros grandes \u00eaxitos, muito ouvidos.<\/li>\n<li>O lan\u00e7amento do \u00e1lbum Ra\u00edzes, de grande sucesso.<\/li>\n<li>As tourn\u00e9es, de norte a sul.<\/li>\n<\/ol>\n<p>A etapa de agora confirma um percurso ascendente. N\u00e3o obstante os epis\u00f3dios medi\u00e1ticos, a criatividade permanece em primeiro lugar.<\/p>\n<h2>A Altura de Nininho Vaz Maia<\/h2>\n<p>Al\u00e9m da data de nascimento, a altura de Nininho Vaz Maia aparece nas fichas oficiais pelo p\u00fablico. No entanto, \u00e9 um pormenor secund\u00e1rio face \u00e0 sua obra.<\/p>\n<p>O que fica na mem\u00f3ria o m\u00fasico n\u00e3o s\u00e3o os n\u00fameros, mas a liga\u00e7\u00e3o com o p\u00fablico. Ainda assim, os admiradores gostam de conhecer cada pormenor.<\/p>\n<h2>Sobre Ser Diagnosticado o Cantor<\/h2>\n<p>Espalharam-se especula\u00e7\u00f5es sobre depend\u00eancias. No entanto, nada foi comprovado de que Nininho sofra de qualquer condi\u00e7\u00e3o. Nestas situa\u00e7\u00f5es, a cautela \u00e9 a melhor atitude, evitando tirar conclus\u00f5es.<\/p>\n<p>Especula\u00e7\u00f5es desta natureza circulam facilmente, sobretudo em torno de artistas conhecidos. A atitude respons\u00e1vel \u00e9 aguardar informa\u00e7\u00e3o oficial do visado.<\/p>\n<h2>Chega de Nininho Vaz Maia<\/h2>\n<p>Assim que chega ao recinto, o ambiente transforma-se. A multid\u00e3o cantam os seus temas em un\u00edssono. Essa energia com a plateia constitui um dos motivos do fen\u00f3meno.<\/p>\n<p>Cada espet\u00e1culo \u00e9 uma festa. A cumplicidade no recinto justifica o fen\u00f3meno de vendas.<\/p>\n<h2>Droga e a Defesa do Cantor<\/h2>\n<p>O processo em que foi visado o nome de Nininho Vaz Maia diz respeito a suspeitas de tr\u00e1fico por via a\u00e9rea. H\u00e1 que lembrar que a defesa contesta as acusa\u00e7\u00f5es, e que vigora a presun\u00e7\u00e3o de inoc\u00eancia.<\/p>\n<p>Conforme relatado, a equipa jur\u00eddica argumentou que n\u00e3o h\u00e1 fundamento. Enquanto decorre a investiga\u00e7\u00e3o, precipitar opini\u00f5es seria prematuro.<\/p>\n<h2>A Esposa e Companheira de Nininho Vaz Maia<\/h2>\n<p>Na vida amorosa, o artista tem mantido alguma discri\u00e7\u00e3o. A imprensa noticiou uma liga\u00e7\u00e3o a uma companheira. Como habitualmente, o pr\u00f3prio evita expor a esfera privada.<\/p>\n<p>Esse cuidado com a privacidade \u00e9 uma op\u00e7\u00e3o. Numa \u00e9poca de constante escrut\u00ednio, preservar a vida pessoal constitui uma forma de equil\u00edbrio.<\/p>\n<h2>Preso na Opera\u00e7\u00e3o SKYS4ALL<\/h2>\n<p>Uma das quest\u00f5es que mais se comentou relaciona-se com a ideia de que o artista estaria na pris\u00e3o. \u00c9 justo precisar que, segundo as not\u00edcias, o cantor n\u00e3o foi detido, embora visado pela investiga\u00e7\u00e3o. O seu porta-voz manifestou confian\u00e7a na Justi\u00e7a.<\/p>\n<p>Importa distinguir ser visado numa investiga\u00e7\u00e3o com um veredito. No nosso ordenamento, todo o cidad\u00e3o \u00e9 inocente at\u00e9 prova em contr\u00e1rio at\u00e9 decis\u00e3o final.<\/p>\n<h2>As \u00daltimas Not\u00edcias em Destaque<\/h2>\n<p>O cantor manteve-se em destaque por v\u00e1rias raz\u00f5es. A par dos sucessos musicais, certos acontecimentos ganharam grande destaque medi\u00e1tico. Nesses casos, recomenda-se distinguir factos de rumores.<\/p>\n<p>O acompanhamento noticioso a seu respeito traduz a curiosidade que desperta. Cabe a cada leitor ponderar as not\u00edcias com esp\u00edrito cr\u00edtico.<\/p>\n<p>Aos que procuram informa\u00e7\u00e3o fi\u00e1vel, a melhor via \u00e9 recorrer a fontes cred\u00edveis. Fica a refer\u00eancia <a href=\"https:\/\/znaki.fm\/pt\/persons\/nininho-vaz-maia\/\">znaki.fm\/pt\/persons\/nininho-vaz-maia<\/a> para acesso r\u00e1pido com o devido distanciamento.<\/p>\n<h2>Em Resumo sobre a Sua Vida e Carreira<\/h2>\n<p>Em s\u00edntese, Nininho Vaz Maia \u00e9 um dos nomes maiores da m\u00fasica popular portuguesa. Independentemente dos rumores, a liga\u00e7\u00e3o ao p\u00fablico fica como o essencial. Relativamente \u00e0s investiga\u00e7\u00f5es, imp\u00f5e-se a serenidade. Fica a admira\u00e7\u00e3o do p\u00fablico.<\/p>\n<!--themify_builder_content-->\n<div id=\"themify_builder_content-22490\" data-postid=\"22490\" class=\"themify_builder_content themify_builder_content-22490 themify_builder tf_clear\">\n    <\/div>\n<!--\/themify_builder_content-->\n","protected":false},"excerpt":{"rendered":"<p>O Cantor Nininho Vaz Maia Vida, M\u00fasica e Not\u00edcias O cantor Nininho Vaz Maia \u00e9 um dos nomes mais populares da m\u00fasica portuguesa. Com uma voz inconfund\u00edvel, arrebatou um p\u00fablico vast\u00edssimo. Ao longo deste texto damos a conhecer o que importa saber da sua hist\u00f3ria. Note-se que, boa parte do que se l\u00ea sobre os [&hellip;]<\/p>\n","protected":false},"author":2,"featured_media":0,"comment_status":"open","ping_status":"open","sticky":false,"template":"","format":"standard","meta":[],"categories":[1],"tags":[],"yoast_head":"<!-- This site is optimized with the Yoast SEO plugin v20.3 - https:\/\/yoast.com\/wordpress\/plugins\/seo\/ -->\n<title>O Cantor Nininho Vaz Maia Vida, M\u00fasica e Not\u00edcias - SKV Apparel Uniform<\/title>\n<meta name=\"robots\" content=\"index, follow, max-snippet:-1, max-image-preview:large, max-video-preview:-1\" \/>\n<link rel=\"canonical\" href=\"https:\/\/skvappareluniform.com\/index.php\/2026\/09\/03\/o-cantor-nininho-vaz-maia-vida-musica-e-noticias\/\" \/>\n<meta property=\"og:locale\" content=\"en_US\" \/>\n<meta property=\"og:type\" content=\"article\" \/>\n<meta property=\"og:title\" content=\"O Cantor Nininho Vaz Maia Vida, M\u00fasica e Not\u00edcias - SKV Apparel Uniform\" \/>\n<meta property=\"og:description\" content=\"O Cantor Nininho Vaz Maia Vida, M\u00fasica e Not\u00edcias O cantor Nininho Vaz Maia \u00e9 um dos nomes mais populares da m\u00fasica portuguesa. Com uma voz inconfund\u00edvel, arrebatou um p\u00fablico vast\u00edssimo. Ao longo deste texto damos a conhecer o que importa saber da sua hist\u00f3ria. Note-se que, boa parte do que se l\u00ea sobre os [&hellip;]\" \/>\n<meta property=\"og:url\" content=\"https:\/\/skvappareluniform.com\/index.php\/2026\/09\/03\/o-cantor-nininho-vaz-maia-vida-musica-e-noticias\/\" \/>\n<meta property=\"og:site_name\" content=\"SKV Apparel Uniform\" \/>\n<meta property=\"article:published_time\" content=\"2026-09-03T00:11:23+00:00\" \/>\n<meta property=\"article:modified_time\" content=\"2026-09-03T00:13:50+00:00\" \/>\n<meta name=\"author\" content=\"Nitawati\" \/>\n<meta name=\"twitter:card\" content=\"summary_large_image\" \/>\n<meta name=\"twitter:label1\" content=\"Written by\" \/>\n\t<meta name=\"twitter:data1\" content=\"Nitawati\" \/>\n\t<meta name=\"twitter:label2\" content=\"Est. reading time\" \/>\n\t<meta name=\"twitter:data2\" content=\"5 minutes\" \/>\n<script type=\"application\/ld+json\" class=\"yoast-schema-graph\">{\"@context\":\"https:\/\/schema.org\",\"@graph\":[{\"@type\":\"Article\",\"@id\":\"https:\/\/skvappareluniform.com\/index.php\/2026\/09\/03\/o-cantor-nininho-vaz-maia-vida-musica-e-noticias\/#article\",\"isPartOf\":{\"@id\":\"https:\/\/skvappareluniform.com\/index.php\/2026\/09\/03\/o-cantor-nininho-vaz-maia-vida-musica-e-noticias\/\"},\"author\":{\"name\":\"Nitawati\",\"@id\":\"https:\/\/skvappareluniform.com\/#\/schema\/person\/51b16353fb815cce820b03e7259f6856\"},\"headline\":\"O Cantor Nininho Vaz Maia Vida, M\u00fasica e Not\u00edcias\",\"datePublished\":\"2026-09-03T00:11:23+00:00\",\"dateModified\":\"2026-09-03T00:13:50+00:00\",\"mainEntityOfPage\":{\"@id\":\"https:\/\/skvappareluniform.com\/index.php\/2026\/09\/03\/o-cantor-nininho-vaz-maia-vida-musica-e-noticias\/\"},\"wordCount\":958,\"commentCount\":0,\"publisher\":{\"@id\":\"https:\/\/skvappareluniform.com\/#organization\"},\"inLanguage\":\"en-US\",\"potentialAction\":[{\"@type\":\"CommentAction\",\"name\":\"Comment\",\"target\":[\"https:\/\/skvappareluniform.com\/index.php\/2026\/09\/03\/o-cantor-nininho-vaz-maia-vida-musica-e-noticias\/#respond\"]}]},{\"@type\":\"WebPage\",\"@id\":\"https:\/\/skvappareluniform.com\/index.php\/2026\/09\/03\/o-cantor-nininho-vaz-maia-vida-musica-e-noticias\/\",\"url\":\"https:\/\/skvappareluniform.com\/index.php\/2026\/09\/03\/o-cantor-nininho-vaz-maia-vida-musica-e-noticias\/\",\"name\":\"O Cantor Nininho Vaz Maia Vida, M\u00fasica e Not\u00edcias - SKV Apparel Uniform\",\"isPartOf\":{\"@id\":\"https:\/\/skvappareluniform.com\/#website\"},\"datePublished\":\"2026-09-03T00:11:23+00:00\",\"dateModified\":\"2026-09-03T00:13:50+00:00\",\"breadcrumb\":{\"@id\":\"https:\/\/skvappareluniform.com\/index.php\/2026\/09\/03\/o-cantor-nininho-vaz-maia-vida-musica-e-noticias\/#breadcrumb\"},\"inLanguage\":\"en-US\",\"potentialAction\":[{\"@type\":\"ReadAction\",\"target\":[\"https:\/\/skvappareluniform.com\/index.php\/2026\/09\/03\/o-cantor-nininho-vaz-maia-vida-musica-e-noticias\/\"]}]},{\"@type\":\"BreadcrumbList\",\"@id\":\"https:\/\/skvappareluniform.com\/index.php\/2026\/09\/03\/o-cantor-nininho-vaz-maia-vida-musica-e-noticias\/#breadcrumb\",\"itemListElement\":[{\"@type\":\"ListItem\",\"position\":1,\"name\":\"Home\",\"item\":\"https:\/\/skvappareluniform.com\/\"},{\"@type\":\"ListItem\",\"position\":2,\"name\":\"O Cantor Nininho Vaz Maia Vida, M\u00fasica e Not\u00edcias\"}]},{\"@type\":\"WebSite\",\"@id\":\"https:\/\/skvappareluniform.com\/#website\",\"url\":\"https:\/\/skvappareluniform.com\/\",\"name\":\"SKV Apparel Uniform\",\"description\":\"\",\"publisher\":{\"@id\":\"https:\/\/skvappareluniform.com\/#organization\"},\"potentialAction\":[{\"@type\":\"SearchAction\",\"target\":{\"@type\":\"EntryPoint\",\"urlTemplate\":\"https:\/\/skvappareluniform.com\/?s={search_term_string}\"},\"query-input\":\"required name=search_term_string\"}],\"inLanguage\":\"en-US\"},{\"@type\":\"Organization\",\"@id\":\"https:\/\/skvappareluniform.com\/#organization\",\"name\":\"SKV Apparel Uniform\",\"url\":\"https:\/\/skvappareluniform.com\/\",\"logo\":{\"@type\":\"ImageObject\",\"inLanguage\":\"en-US\",\"@id\":\"https:\/\/skvappareluniform.com\/#\/schema\/logo\/image\/\",\"url\":\"https:\/\/skvappareluniform.com\/wp-content\/uploads\/2023\/01\/SKV.png\",\"contentUrl\":\"https:\/\/skvappareluniform.com\/wp-content\/uploads\/2023\/01\/SKV.png\",\"width\":1004,\"height\":591,\"caption\":\"SKV Apparel Uniform\"},\"image\":{\"@id\":\"https:\/\/skvappareluniform.com\/#\/schema\/logo\/image\/\"}},{\"@type\":\"Person\",\"@id\":\"https:\/\/skvappareluniform.com\/#\/schema\/person\/51b16353fb815cce820b03e7259f6856\",\"name\":\"Nitawati\",\"image\":{\"@type\":\"ImageObject\",\"inLanguage\":\"en-US\",\"@id\":\"https:\/\/skvappareluniform.com\/#\/schema\/person\/image\/\",\"url\":\"https:\/\/secure.gravatar.com\/avatar\/d0b6ca7fffb93e109d206ff6a4905ef3?s=96&d=mm&r=g\",\"contentUrl\":\"https:\/\/secure.gravatar.com\/avatar\/d0b6ca7fffb93e109d206ff6a4905ef3?s=96&d=mm&r=g\",\"caption\":\"Nitawati\"},\"url\":\"https:\/\/skvappareluniform.com\/index.php\/author\/nitawati-skv\/\"}]}<\/script>\n<!-- \/ Yoast SEO plugin. -->","yoast_head_json":{"title":"O Cantor Nininho Vaz Maia Vida, M\u00fasica e Not\u00edcias - SKV Apparel Uniform","robots":{"index":"index","follow":"follow","max-snippet":"max-snippet:-1","max-image-preview":"max-image-preview:large","max-video-preview":"max-video-preview:-1"},"canonical":"https:\/\/skvappareluniform.com\/index.php\/2026\/09\/03\/o-cantor-nininho-vaz-maia-vida-musica-e-noticias\/","og_locale":"en_US","og_type":"article","og_title":"O Cantor Nininho Vaz Maia Vida, M\u00fasica e Not\u00edcias - SKV Apparel Uniform","og_description":"O Cantor Nininho Vaz Maia Vida, M\u00fasica e Not\u00edcias O cantor Nininho Vaz Maia \u00e9 um dos nomes mais populares da m\u00fasica portuguesa. Com uma voz inconfund\u00edvel, arrebatou um p\u00fablico vast\u00edssimo. Ao longo deste texto damos a conhecer o que importa saber da sua hist\u00f3ria. Note-se que, boa parte do que se l\u00ea sobre os [&hellip;]","og_url":"https:\/\/skvappareluniform.com\/index.php\/2026\/09\/03\/o-cantor-nininho-vaz-maia-vida-musica-e-noticias\/","og_site_name":"SKV Apparel Uniform","article_published_time":"2026-09-03T00:11:23+00:00","article_modified_time":"2026-09-03T00:13:50+00:00","author":"Nitawati","twitter_card":"summary_large_image","twitter_misc":{"Written by":"Nitawati","Est. reading time":"5 minutes"},"schema":{"@context":"https:\/\/schema.org","@graph":[{"@type":"Article","@id":"https:\/\/skvappareluniform.com\/index.php\/2026\/09\/03\/o-cantor-nininho-vaz-maia-vida-musica-e-noticias\/#article","isPartOf":{"@id":"https:\/\/skvappareluniform.com\/index.php\/2026\/09\/03\/o-cantor-nininho-vaz-maia-vida-musica-e-noticias\/"},"author":{"name":"Nitawati","@id":"https:\/\/skvappareluniform.com\/#\/schema\/person\/51b16353fb815cce820b03e7259f6856"},"headline":"O Cantor Nininho Vaz Maia Vida, M\u00fasica e Not\u00edcias","datePublished":"2026-09-03T00:11:23+00:00","dateModified":"2026-09-03T00:13:50+00:00","mainEntityOfPage":{"@id":"https:\/\/skvappareluniform.com\/index.php\/2026\/09\/03\/o-cantor-nininho-vaz-maia-vida-musica-e-noticias\/"},"wordCount":958,"commentCount":0,"publisher":{"@id":"https:\/\/skvappareluniform.com\/#organization"},"inLanguage":"en-US","potentialAction":[{"@type":"CommentAction","name":"Comment","target":["https:\/\/skvappareluniform.com\/index.php\/2026\/09\/03\/o-cantor-nininho-vaz-maia-vida-musica-e-noticias\/#respond"]}]},{"@type":"WebPage","@id":"https:\/\/skvappareluniform.com\/index.php\/2026\/09\/03\/o-cantor-nininho-vaz-maia-vida-musica-e-noticias\/","url":"https:\/\/skvappareluniform.com\/index.php\/2026\/09\/03\/o-cantor-nininho-vaz-maia-vida-musica-e-noticias\/","name":"O Cantor Nininho Vaz Maia Vida, M\u00fasica e Not\u00edcias - SKV Apparel Uniform","isPartOf":{"@id":"https:\/\/skvappareluniform.com\/#website"},"datePublished":"2026-09-03T00:11:23+00:00","dateModified":"2026-09-03T00:13:50+00:00","breadcrumb":{"@id":"https:\/\/skvappareluniform.com\/index.php\/2026\/09\/03\/o-cantor-nininho-vaz-maia-vida-musica-e-noticias\/#breadcrumb"},"inLanguage":"en-US","potentialAction":[{"@type":"ReadAction","target":["https:\/\/skvappareluniform.com\/index.php\/2026\/09\/03\/o-cantor-nininho-vaz-maia-vida-musica-e-noticias\/"]}]},{"@type":"BreadcrumbList","@id":"https:\/\/skvappareluniform.com\/index.php\/2026\/09\/03\/o-cantor-nininho-vaz-maia-vida-musica-e-noticias\/#breadcrumb","itemListElement":[{"@type":"ListItem","position":1,"name":"Home","item":"https:\/\/skvappareluniform.com\/"},{"@type":"ListItem","position":2,"name":"O Cantor Nininho Vaz Maia Vida, M\u00fasica e Not\u00edcias"}]},{"@type":"WebSite","@id":"https:\/\/skvappareluniform.com\/#website","url":"https:\/\/skvappareluniform.com\/","name":"SKV Apparel Uniform","description":"","publisher":{"@id":"https:\/\/skvappareluniform.com\/#organization"},"potentialAction":[{"@type":"SearchAction","target":{"@type":"EntryPoint","urlTemplate":"https:\/\/skvappareluniform.com\/?s={search_term_string}"},"query-input":"required name=search_term_string"}],"inLanguage":"en-US"},{"@type":"Organization","@id":"https:\/\/skvappareluniform.com\/#organization","name":"SKV Apparel Uniform","url":"https:\/\/skvappareluniform.com\/","logo":{"@type":"ImageObject","inLanguage":"en-US","@id":"https:\/\/skvappareluniform.com\/#\/schema\/logo\/image\/","url":"https:\/\/skvappareluniform.com\/wp-content\/uploads\/2023\/01\/SKV.png","contentUrl":"https:\/\/skvappareluniform.com\/wp-content\/uploads\/2023\/01\/SKV.png","width":1004,"height":591,"caption":"SKV Apparel Uniform"},"image":{"@id":"https:\/\/skvappareluniform.com\/#\/schema\/logo\/image\/"}},{"@type":"Person","@id":"https:\/\/skvappareluniform.com\/#\/schema\/person\/51b16353fb815cce820b03e7259f6856","name":"Nitawati","image":{"@type":"ImageObject","inLanguage":"en-US","@id":"https:\/\/skvappareluniform.com\/#\/schema\/person\/image\/","url":"https:\/\/secure.gravatar.com\/avatar\/d0b6ca7fffb93e109d206ff6a4905ef3?s=96&d=mm&r=g","contentUrl":"https:\/\/secure.gravatar.com\/avatar\/d0b6ca7fffb93e109d206ff6a4905ef3?s=96&d=mm&r=g","caption":"Nitawati"},"url":"https:\/\/skvappareluniform.com\/index.php\/author\/nitawati-skv\/"}]}},"jetpack_featured_media_url":"","builder_content":"","_links":{"self":[{"href":"https:\/\/skvappareluniform.com\/index.php\/wp-json\/wp\/v2\/posts\/22490"}],"collection":[{"href":"https:\/\/skvappareluniform.com\/index.php\/wp-json\/wp\/v2\/posts"}],"about":[{"href":"https:\/\/skvappareluniform.com\/index.php\/wp-json\/wp\/v2\/types\/post"}],"author":[{"embeddable":true,"href":"https:\/\/skvappareluniform.com\/index.php\/wp-json\/wp\/v2\/users\/2"}],"replies":[{"embeddable":true,"href":"https:\/\/skvappareluniform.com\/index.php\/wp-json\/wp\/v2\/comments?post=22490"}],"version-history":[{"count":1,"href":"https:\/\/skvappareluniform.com\/index.php\/wp-json\/wp\/v2\/posts\/22490\/revisions"}],"predecessor-version":[{"id":22491,"href":"https:\/\/skvappareluniform.com\/index.php\/wp-json\/wp\/v2\/posts\/22490\/revisions\/22491"}],"wp:attachment":[{"href":"https:\/\/skvappareluniform.com\/index.php\/wp-json\/wp\/v2\/media?parent=22490"}],"wp:term":[{"taxonomy":"category","embeddable":true,"href":"https:\/\/skvappareluniform.com\/index.php\/wp-json\/wp\/v2\/categories?post=22490"},{"taxonomy":"post_tag","embeddable":true,"href":"https:\/\/skvappareluniform.com\/index.php\/wp-json\/wp\/v2\/tags?post=22490"}],"curies":[{"name":"wp","href":"https:\/\/api.w.org\/{rel}","templated":true}]}}